{"id":2474,"date":"2017-09-15T13:04:32","date_gmt":"2017-09-15T11:04:32","guid":{"rendered":"http:\/\/annebarth.de\/projects\/?p=2474"},"modified":"2019-10-07T16:32:52","modified_gmt":"2019-10-07T14:32:52","slug":"flucht-nach-vorn","status":"publish","type":"post","link":"https:\/\/annebarth.de\/projects\/flucht-nach-vorn\/","title":{"rendered":"Flucht nach vorn"},"content":{"rendered":"<p>&nbsp;<\/p>\n<p>Kommt ins Theater! Z.B. am 08.10. zur Premiere von <a href=\"http:\/\/kluengelpuetz.de\/events\/flucht-nach-vorn\" target=\"_blank\" rel=\"noopener noreferrer\">Flucht nach vorn<\/a>, im <a href=\"http:\/\/kluengelpuetz.de\/\" target=\"_blank\" rel=\"noopener noreferrer\">Kabarett Kl\u00fcngelp\u00fctz<\/a> (K\u00f6ln, Neumarkt) von und mit Marina Barth (Bild) und Joachim Jezewski.<\/p>\n","protected":false},"excerpt":{"rendered":"<p>&nbsp; Kommt ins Theater! Z.B. am 08.10. zur Premiere von Flucht nach vorn, im Kabarett Kl\u00fcngelp\u00fctz (K\u00f6ln, Neumarkt) von und mit Marina Barth (Bild) und [&hellip;]<\/p>\n","protected":false},"author":1,"featured_media":2477,"comment_status":"closed","ping_status":"open","sticky":false,"template":"","format":"standard","meta":{"_jetpack_memberships_contains_paid_content":false,"footnotes":""},"categories":[689],"tags":[],"class_list":["post-2474","post","type-post","status-publish","format-standard","has-post-thumbnail","hentry","category-kuenstlerinnenportrait"],"yoast_head":"<!-- This site is optimized with the Yoast SEO plugin v26.5 - https:\/\/yoast.com\/wordpress\/plugins\/seo\/ -->\n<title>Flucht nach vorn - BLOG<\/title>\n<meta name=\"robots\" content=\"index, follow, max-snippet:-1, max-image-preview:large, max-video-preview:-1\" \/>\n<link rel=\"canonical\" href=\"https:\/\/annebarth.de\/projects\/flucht-nach-vorn\/\" \/>\n<meta property=\"og:locale\" content=\"de_DE\" \/>\n<meta property=\"og:type\" content=\"article\" \/>\n<meta property=\"og:title\" content=\"Flucht nach vorn - BLOG\" \/>\n<meta property=\"og:description\" content=\"&nbsp; Kommt ins Theater! Z.B. am 08.10. zur Premiere von Flucht nach vorn, im Kabarett Kl\u00fcngelp\u00fctz (K\u00f6ln, Neumarkt) von und mit Marina Barth (Bild) und [&hellip;]\" \/>\n<meta property=\"og:url\" content=\"https:\/\/annebarth.de\/projects\/flucht-nach-vorn\/\" \/>\n<meta property=\"og:site_name\" content=\"BLOG\" \/>\n<meta property=\"article:published_time\" content=\"2017-09-15T11:04:32+00:00\" \/>\n<meta property=\"article:modified_time\" content=\"2019-10-07T14:32:52+00:00\" \/>\n<meta property=\"og:image\" content=\"https:\/\/annebarth.de\/projects\/wp-content\/uploads\/2017\/09\/DSC1369-Kopie.jpg\" \/>\n\t<meta property=\"og:image:width\" content=\"1337\" \/>\n\t<meta property=\"og:image:height\" content=\"1338\" \/>\n\t<meta property=\"og:image:type\" content=\"image\/jpeg\" \/>\n<meta name=\"author\" content=\"Anne Barth\" \/>\n<meta name=\"twitter:card\" content=\"summary_large_image\" \/>\n<meta name=\"twitter:label1\" content=\"Verfasst von\" \/>\n\t<meta name=\"twitter:data1\" content=\"Anne Barth\" \/>\n<script type=\"application\/ld+json\" class=\"yoast-schema-graph\">{\"@context\":\"https:\/\/schema.org\",\"@graph\":[{\"@type\":\"WebPage\",\"@id\":\"https:\/\/annebarth.de\/projects\/flucht-nach-vorn\/\",\"url\":\"https:\/\/annebarth.de\/projects\/flucht-nach-vorn\/\",\"name\":\"Flucht nach vorn - BLOG\",\"isPartOf\":{\"@id\":\"https:\/\/annebarth.de\/projects\/#website\"},\"primaryImageOfPage\":{\"@id\":\"https:\/\/annebarth.de\/projects\/flucht-nach-vorn\/#primaryimage\"},\"image\":{\"@id\":\"https:\/\/annebarth.de\/projects\/flucht-nach-vorn\/#primaryimage\"},\"thumbnailUrl\":\"https:\/\/annebarth.de\/projects\/wp-content\/uploads\/2017\/09\/DSC1369-Kopie.jpg\",\"datePublished\":\"2017-09-15T11:04:32+00:00\",\"dateModified\":\"2019-10-07T14:32:52+00:00\",\"author\":{\"@id\":\"https:\/\/annebarth.de\/projects\/#\/schema\/person\/4a08e50a7d218427ed60ce9198983ba7\"},\"breadcrumb\":{\"@id\":\"https:\/\/annebarth.de\/projects\/flucht-nach-vorn\/#breadcrumb\"},\"inLanguage\":\"de\",\"potentialAction\":[{\"@type\":\"ReadAction\",\"target\":[\"https:\/\/annebarth.de\/projects\/flucht-nach-vorn\/\"]}]},{\"@type\":\"ImageObject\",\"inLanguage\":\"de\",\"@id\":\"https:\/\/annebarth.de\/projects\/flucht-nach-vorn\/#primaryimage\",\"url\":\"https:\/\/annebarth.de\/projects\/wp-content\/uploads\/2017\/09\/DSC1369-Kopie.jpg\",\"contentUrl\":\"https:\/\/annebarth.de\/projects\/wp-content\/uploads\/2017\/09\/DSC1369-Kopie.jpg\",\"width\":1337,\"height\":1338},{\"@type\":\"BreadcrumbList\",\"@id\":\"https:\/\/annebarth.de\/projects\/flucht-nach-vorn\/#breadcrumb\",\"itemListElement\":[{\"@type\":\"ListItem\",\"position\":1,\"name\":\"Startseite\",\"item\":\"https:\/\/annebarth.de\/projects\/\"},{\"@type\":\"ListItem\",\"position\":2,\"name\":\"Flucht nach vorn\"}]},{\"@type\":\"WebSite\",\"@id\":\"https:\/\/annebarth.de\/projects\/#website\",\"url\":\"https:\/\/annebarth.de\/projects\/\",\"name\":\"BLOG\",\"description\":\"ANNE BARTH PHOTOGRAPHY\",\"potentialAction\":[{\"@type\":\"SearchAction\",\"target\":{\"@type\":\"EntryPoint\",\"urlTemplate\":\"https:\/\/annebarth.de\/projects\/?s={search_term_string}\"},\"query-input\":{\"@type\":\"PropertyValueSpecification\",\"valueRequired\":true,\"valueName\":\"search_term_string\"}}],\"inLanguage\":\"de\"},{\"@type\":\"Person\",\"@id\":\"https:\/\/annebarth.de\/projects\/#\/schema\/person\/4a08e50a7d218427ed60ce9198983ba7\",\"name\":\"Anne Barth\",\"image\":{\"@type\":\"ImageObject\",\"inLanguage\":\"de\",\"@id\":\"https:\/\/annebarth.de\/projects\/#\/schema\/person\/image\/\",\"url\":\"https:\/\/secure.gravatar.com\/avatar\/bb3547db53ae92f8d10f959af6d3f06a1f1acc19fd5db76001a4e8f86543c9fb?s=96&d=mm&r=g\",\"contentUrl\":\"https:\/\/secure.gravatar.com\/avatar\/bb3547db53ae92f8d10f959af6d3f06a1f1acc19fd5db76001a4e8f86543c9fb?s=96&d=mm&r=g\",\"caption\":\"Anne Barth\"},\"url\":\"https:\/\/annebarth.de\/projects\/author\/annebarth\/\"}]}<\/script>\n<!-- \/ Yoast SEO plugin. -->","yoast_head_json":{"title":"Flucht nach vorn - BLOG","robots":{"index":"index","follow":"follow","max-snippet":"max-snippet:-1","max-image-preview":"max-image-preview:large","max-video-preview":"max-video-preview:-1"},"canonical":"https:\/\/annebarth.de\/projects\/flucht-nach-vorn\/","og_locale":"de_DE","og_type":"article","og_title":"Flucht nach vorn - BLOG","og_description":"&nbsp; Kommt ins Theater! Z.B. am 08.10. zur Premiere von Flucht nach vorn, im Kabarett Kl\u00fcngelp\u00fctz (K\u00f6ln, Neumarkt) von und mit Marina Barth (Bild) und [&hellip;]","og_url":"https:\/\/annebarth.de\/projects\/flucht-nach-vorn\/","og_site_name":"BLOG","article_published_time":"2017-09-15T11:04:32+00:00","article_modified_time":"2019-10-07T14:32:52+00:00","og_image":[{"width":1337,"height":1338,"url":"https:\/\/annebarth.de\/projects\/wp-content\/uploads\/2017\/09\/DSC1369-Kopie.jpg","type":"image\/jpeg"}],"author":"Anne Barth","twitter_card":"summary_large_image","twitter_misc":{"Verfasst von":"Anne Barth"},"schema":{"@context":"https:\/\/schema.org","@graph":[{"@type":"WebPage","@id":"https:\/\/annebarth.de\/projects\/flucht-nach-vorn\/","url":"https:\/\/annebarth.de\/projects\/flucht-nach-vorn\/","name":"Flucht nach vorn - BLOG","isPartOf":{"@id":"https:\/\/annebarth.de\/projects\/#website"},"primaryImageOfPage":{"@id":"https:\/\/annebarth.de\/projects\/flucht-nach-vorn\/#primaryimage"},"image":{"@id":"https:\/\/annebarth.de\/projects\/flucht-nach-vorn\/#primaryimage"},"thumbnailUrl":"https:\/\/annebarth.de\/projects\/wp-content\/uploads\/2017\/09\/DSC1369-Kopie.jpg","datePublished":"2017-09-15T11:04:32+00:00","dateModified":"2019-10-07T14:32:52+00:00","author":{"@id":"https:\/\/annebarth.de\/projects\/#\/schema\/person\/4a08e50a7d218427ed60ce9198983ba7"},"breadcrumb":{"@id":"https:\/\/annebarth.de\/projects\/flucht-nach-vorn\/#breadcrumb"},"inLanguage":"de","potentialAction":[{"@type":"ReadAction","target":["https:\/\/annebarth.de\/projects\/flucht-nach-vorn\/"]}]},{"@type":"ImageObject","inLanguage":"de","@id":"https:\/\/annebarth.de\/projects\/flucht-nach-vorn\/#primaryimage","url":"https:\/\/annebarth.de\/projects\/wp-content\/uploads\/2017\/09\/DSC1369-Kopie.jpg","contentUrl":"https:\/\/annebarth.de\/projects\/wp-content\/uploads\/2017\/09\/DSC1369-Kopie.jpg","width":1337,"height":1338},{"@type":"BreadcrumbList","@id":"https:\/\/annebarth.de\/projects\/flucht-nach-vorn\/#breadcrumb","itemListElement":[{"@type":"ListItem","position":1,"name":"Startseite","item":"https:\/\/annebarth.de\/projects\/"},{"@type":"ListItem","position":2,"name":"Flucht nach vorn"}]},{"@type":"WebSite","@id":"https:\/\/annebarth.de\/projects\/#website","url":"https:\/\/annebarth.de\/projects\/","name":"BLOG","description":"ANNE BARTH PHOTOGRAPHY","potentialAction":[{"@type":"SearchAction","target":{"@type":"EntryPoint","urlTemplate":"https:\/\/annebarth.de\/projects\/?s={search_term_string}"},"query-input":{"@type":"PropertyValueSpecification","valueRequired":true,"valueName":"search_term_string"}}],"inLanguage":"de"},{"@type":"Person","@id":"https:\/\/annebarth.de\/projects\/#\/schema\/person\/4a08e50a7d218427ed60ce9198983ba7","name":"Anne Barth","image":{"@type":"ImageObject","inLanguage":"de","@id":"https:\/\/annebarth.de\/projects\/#\/schema\/person\/image\/","url":"https:\/\/secure.gravatar.com\/avatar\/bb3547db53ae92f8d10f959af6d3f06a1f1acc19fd5db76001a4e8f86543c9fb?s=96&d=mm&r=g","contentUrl":"https:\/\/secure.gravatar.com\/avatar\/bb3547db53ae92f8d10f959af6d3f06a1f1acc19fd5db76001a4e8f86543c9fb?s=96&d=mm&r=g","caption":"Anne Barth"},"url":"https:\/\/annebarth.de\/projects\/author\/annebarth\/"}]}},"jetpack_featured_media_url":"https:\/\/annebarth.de\/projects\/wp-content\/uploads\/2017\/09\/DSC1369-Kopie.jpg","jetpack_sharing_enabled":true,"_links":{"self":[{"href":"https:\/\/annebarth.de\/projects\/wp-json\/wp\/v2\/posts\/2474","targetHints":{"allow":["GET"]}}],"collection":[{"href":"https:\/\/annebarth.de\/projects\/wp-json\/wp\/v2\/posts"}],"about":[{"href":"https:\/\/annebarth.de\/projects\/wp-json\/wp\/v2\/types\/post"}],"author":[{"embeddable":true,"href":"https:\/\/annebarth.de\/projects\/wp-json\/wp\/v2\/users\/1"}],"replies":[{"embeddable":true,"href":"https:\/\/annebarth.de\/projects\/wp-json\/wp\/v2\/comments?post=2474"}],"version-history":[{"count":4,"href":"https:\/\/annebarth.de\/projects\/wp-json\/wp\/v2\/posts\/2474\/revisions"}],"predecessor-version":[{"id":3469,"href":"https:\/\/annebarth.de\/projects\/wp-json\/wp\/v2\/posts\/2474\/revisions\/3469"}],"wp:featuredmedia":[{"embeddable":true,"href":"https:\/\/annebarth.de\/projects\/wp-json\/wp\/v2\/media\/2477"}],"wp:attachment":[{"href":"https:\/\/annebarth.de\/projects\/wp-json\/wp\/v2\/media?parent=2474"}],"wp:term":[{"taxonomy":"category","embeddable":true,"href":"https:\/\/annebarth.de\/projects\/wp-json\/wp\/v2\/categories?post=2474"},{"taxonomy":"post_tag","embeddable":true,"href":"https:\/\/annebarth.de\/projects\/wp-json\/wp\/v2\/tags?post=2474"}],"curies":[{"name":"wp","href":"https:\/\/api.w.org\/{rel}","templated":true}]}}