{"id":2520,"date":"2017-10-11T09:59:06","date_gmt":"2017-10-11T07:59:06","guid":{"rendered":"http:\/\/annebarth.de\/projects\/?p=2520"},"modified":"2019-10-07T16:32:42","modified_gmt":"2019-10-07T14:32:42","slug":"politische-maerchen","status":"publish","type":"post","link":"https:\/\/annebarth.de\/projects\/politische-maerchen\/","title":{"rendered":"Politische M\u00e4rchen"},"content":{"rendered":"<p>&#8222;Der zur\u00fcckgetretene Ministerpr\u00e4sident\u00a0 von Schleswig-Holstein, Uwe Barschel, ist heute Mittag in einem Genfer Hotel tot aufgefunden worden.&#8220; sprach der Tagesschausprecher auf den Tag genau heute, vor 30 Jahren.<\/p>\n<p>Das Bild, des in der Badewanne liegenden Politikers ist in das allgemeine Bilderged\u00e4chtnis eingegangen. Sogar ich, die zum damaligen Zeitpunkt 4 Jahre alt war, erinnere mich deutlich. Vermutlich weil meine \u00e4ltere Schwester mir von der Titanic erz\u00e4hlte und mir das Konzept Satire zu erkl\u00e4ren versuchte.<\/p>\n<p>Die Medien pr\u00e4gen unser politisches Weltverst\u00e4ndnis. Der Satz, dass Geschichte von den Gewinnern geschrieben wird, ist so abgegriffen wie wahr. Ikonische Bilder brennen sich ein. Fotos, und das glaube ich fest, k\u00f6nnen nicht sachlich neutral sein. Sie transportieren ein Gef\u00fchl, eine Stimmung, rei\u00dfen einen im besten Falle mit. Auch ein noch so n\u00fcchternes Bild transportiert etwas, und sei es Distanz.<\/p>\n<p>Dieser Zweispalt, als JournalistIn, HistorikerIn oder FotografIn zwischen sachlicher Dokumentation und Meinungsbildung (im Extremfall Propaganda) zu stehen und, wie wir als Konsumenten mit ihren Produkten umgehen, besch\u00e4ftigte mich, als ich die Serie &#8222;Politische M\u00e4rchen&#8220; anfertigte.<\/p>\n<div data-carousel-extra='{\"blog_id\":1,\"permalink\":\"https:\\\/\\\/annebarth.de\\\/projects\\\/politische-maerchen\\\/\"}' id='gallery-1' class='gallery galleryid-2520 gallery-columns-1 gallery-size-large'><figure class='gallery-item'>\n\t\t\t<div class='gallery-icon landscape'>\n\t\t\t\t<a href='https:\/\/annebarth.de\/projects\/politische-maerchen\/grossesprojekt1\/'><img loading=\"lazy\" decoding=\"async\" data-attachment-id=\"2528\" data-orig-file=\"https:\/\/annebarth.de\/projects\/wp-content\/uploads\/2017\/10\/Gro\u00dfesProjekt1.jpg\" data-orig-size=\"1024,683\" data-comments-opened=\"1\" data-image-meta=\"{&quot;aperture&quot;:&quot;4&quot;,&quot;credit&quot;:&quot;Anne Barth&quot;,&quot;camera&quot;:&quot;ILCE-7R&quot;,&quot;caption&quot;:&quot;&quot;,&quot;created_timestamp&quot;:&quot;1426274813&quot;,&quot;copyright&quot;:&quot;Anne Barth&quot;,&quot;focal_length&quot;:&quot;35&quot;,&quot;iso&quot;:&quot;500&quot;,&quot;shutter_speed&quot;:&quot;0.008&quot;,&quot;title&quot;:&quot;&quot;,&quot;orientation&quot;:&quot;1&quot;}\" data-image-title=\"Froschk\u00f6nig\" data-image-description=\"\" data-medium-file=\"https:\/\/annebarth.de\/projects\/wp-content\/uploads\/2017\/10\/Gro\u00dfesProjekt1-300x200.jpg\" data-large-file=\"https:\/\/annebarth.de\/projects\/wp-content\/uploads\/2017\/10\/Gro\u00dfesProjekt1-1024x683.jpg\" title=\"Froschk\u00f6nig\" width=\"819\" height=\"546\" src=\"https:\/\/annebarth.de\/projects\/wp-content\/uploads\/2017\/10\/Gro\u00dfesProjekt1-1024x683.jpg\" class=\"attachment-large size-large\" alt=\"\" srcset=\"https:\/\/annebarth.de\/projects\/wp-content\/uploads\/2017\/10\/Gro\u00dfesProjekt1.jpg 1024w, https:\/\/annebarth.de\/projects\/wp-content\/uploads\/2017\/10\/Gro\u00dfesProjekt1-300x200.jpg 300w, https:\/\/annebarth.de\/projects\/wp-content\/uploads\/2017\/10\/Gro\u00dfesProjekt1-768x512.jpg 768w, https:\/\/annebarth.de\/projects\/wp-content\/uploads\/2017\/10\/Gro\u00dfesProjekt1-508x339.jpg 508w\" sizes=\"auto, (max-width: 819px) 100vw, 819px\" \/><\/a>\n\t\t\t<\/div><\/figure><figure class='gallery-item'>\n\t\t\t<div class='gallery-icon portrait'>\n\t\t\t\t<a href='https:\/\/annebarth.de\/projects\/politische-maerchen\/grossesprojekt2\/'><img loading=\"lazy\" decoding=\"async\" data-attachment-id=\"2531\" data-orig-file=\"https:\/\/annebarth.de\/projects\/wp-content\/uploads\/2017\/10\/Gro\u00dfesProjekt2.jpg\" data-orig-size=\"683,1024\" data-comments-opened=\"1\" data-image-meta=\"{&quot;aperture&quot;:&quot;4.5&quot;,&quot;credit&quot;:&quot;Anne Barth&quot;,&quot;camera&quot;:&quot;ILCE-7R&quot;,&quot;caption&quot;:&quot;&quot;,&quot;created_timestamp&quot;:&quot;1431029209&quot;,&quot;copyright&quot;:&quot;Anne Barth&quot;,&quot;focal_length&quot;:&quot;55&quot;,&quot;iso&quot;:&quot;125&quot;,&quot;shutter_speed&quot;:&quot;0.01&quot;,&quot;title&quot;:&quot;&quot;,&quot;orientation&quot;:&quot;1&quot;}\" data-image-title=\"Sterntaler\" data-image-description=\"\" data-medium-file=\"https:\/\/annebarth.de\/projects\/wp-content\/uploads\/2017\/10\/Gro\u00dfesProjekt2-200x300.jpg\" data-large-file=\"https:\/\/annebarth.de\/projects\/wp-content\/uploads\/2017\/10\/Gro\u00dfesProjekt2-683x1024.jpg\" title=\"Sterntaler\" width=\"683\" height=\"1024\" src=\"https:\/\/annebarth.de\/projects\/wp-content\/uploads\/2017\/10\/Gro\u00dfesProjekt2-683x1024.jpg\" class=\"attachment-large size-large\" alt=\"\" srcset=\"https:\/\/annebarth.de\/projects\/wp-content\/uploads\/2017\/10\/Gro\u00dfesProjekt2.jpg 683w, https:\/\/annebarth.de\/projects\/wp-content\/uploads\/2017\/10\/Gro\u00dfesProjekt2-200x300.jpg 200w, https:\/\/annebarth.de\/projects\/wp-content\/uploads\/2017\/10\/Gro\u00dfesProjekt2-508x762.jpg 508w\" sizes=\"auto, (max-width: 683px) 100vw, 683px\" \/><\/a>\n\t\t\t<\/div><\/figure><figure class='gallery-item'>\n\t\t\t<div class='gallery-icon portrait'>\n\t\t\t\t<a href='https:\/\/annebarth.de\/projects\/politische-maerchen\/grossesprojekt3\/'><img loading=\"lazy\" decoding=\"async\" data-attachment-id=\"2529\" data-orig-file=\"https:\/\/annebarth.de\/projects\/wp-content\/uploads\/2017\/10\/Gro\u00dfesProjekt3.jpg\" data-orig-size=\"683,1024\" data-comments-opened=\"1\" data-image-meta=\"{&quot;aperture&quot;:&quot;5&quot;,&quot;credit&quot;:&quot;Anne Barth&quot;,&quot;camera&quot;:&quot;ILCE-7R&quot;,&quot;caption&quot;:&quot;&quot;,&quot;created_timestamp&quot;:&quot;1434726584&quot;,&quot;copyright&quot;:&quot;Anne Barth&quot;,&quot;focal_length&quot;:&quot;35&quot;,&quot;iso&quot;:&quot;160&quot;,&quot;shutter_speed&quot;:&quot;0.02&quot;,&quot;title&quot;:&quot;&quot;,&quot;orientation&quot;:&quot;1&quot;}\" data-image-title=\"Rapunzel\" data-image-description=\"\" data-medium-file=\"https:\/\/annebarth.de\/projects\/wp-content\/uploads\/2017\/10\/Gro\u00dfesProjekt3-200x300.jpg\" data-large-file=\"https:\/\/annebarth.de\/projects\/wp-content\/uploads\/2017\/10\/Gro\u00dfesProjekt3-683x1024.jpg\" title=\"Rapunzel\" width=\"683\" height=\"1024\" src=\"https:\/\/annebarth.de\/projects\/wp-content\/uploads\/2017\/10\/Gro\u00dfesProjekt3-683x1024.jpg\" class=\"attachment-large size-large\" alt=\"\" srcset=\"https:\/\/annebarth.de\/projects\/wp-content\/uploads\/2017\/10\/Gro\u00dfesProjekt3.jpg 683w, https:\/\/annebarth.de\/projects\/wp-content\/uploads\/2017\/10\/Gro\u00dfesProjekt3-200x300.jpg 200w, https:\/\/annebarth.de\/projects\/wp-content\/uploads\/2017\/10\/Gro\u00dfesProjekt3-508x762.jpg 508w\" sizes=\"auto, (max-width: 683px) 100vw, 683px\" \/><\/a>\n\t\t\t<\/div><\/figure><figure class='gallery-item'>\n\t\t\t<div class='gallery-icon landscape'>\n\t\t\t\t<a href='https:\/\/annebarth.de\/projects\/politische-maerchen\/grossesprojekt4\/'><img loading=\"lazy\" decoding=\"async\" data-attachment-id=\"2530\" data-orig-file=\"https:\/\/annebarth.de\/projects\/wp-content\/uploads\/2017\/10\/Gro\u00dfesProjekt4.jpg\" data-orig-size=\"1024,683\" data-comments-opened=\"1\" data-image-meta=\"{&quot;aperture&quot;:&quot;4&quot;,&quot;credit&quot;:&quot;Anne Barth&quot;,&quot;camera&quot;:&quot;ILCE-7R&quot;,&quot;caption&quot;:&quot;&quot;,&quot;created_timestamp&quot;:&quot;1431444997&quot;,&quot;copyright&quot;:&quot;Anne Barth&quot;,&quot;focal_length&quot;:&quot;36&quot;,&quot;iso&quot;:&quot;100&quot;,&quot;shutter_speed&quot;:&quot;0.008&quot;,&quot;title&quot;:&quot;&quot;,&quot;orientation&quot;:&quot;1&quot;}\" data-image-title=\"M\u00fcnchhausen\" data-image-description=\"\" data-medium-file=\"https:\/\/annebarth.de\/projects\/wp-content\/uploads\/2017\/10\/Gro\u00dfesProjekt4-300x200.jpg\" data-large-file=\"https:\/\/annebarth.de\/projects\/wp-content\/uploads\/2017\/10\/Gro\u00dfesProjekt4-1024x683.jpg\" title=\"M\u00fcnchhausen\" width=\"819\" height=\"546\" src=\"https:\/\/annebarth.de\/projects\/wp-content\/uploads\/2017\/10\/Gro\u00dfesProjekt4-1024x683.jpg\" class=\"attachment-large size-large\" alt=\"\" srcset=\"https:\/\/annebarth.de\/projects\/wp-content\/uploads\/2017\/10\/Gro\u00dfesProjekt4.jpg 1024w, https:\/\/annebarth.de\/projects\/wp-content\/uploads\/2017\/10\/Gro\u00dfesProjekt4-300x200.jpg 300w, https:\/\/annebarth.de\/projects\/wp-content\/uploads\/2017\/10\/Gro\u00dfesProjekt4-768x512.jpg 768w, https:\/\/annebarth.de\/projects\/wp-content\/uploads\/2017\/10\/Gro\u00dfesProjekt4-508x339.jpg 508w\" sizes=\"auto, (max-width: 819px) 100vw, 819px\" \/><\/a>\n\t\t\t<\/div><\/figure>\n\t\t<\/div>\n\n<p>&nbsp;<\/p>\n<p>&nbsp;<\/p>\n<p>&nbsp;<\/p>\n<p>&nbsp;<\/p>\n","protected":false},"excerpt":{"rendered":"<p>&#8222;Der zur\u00fcckgetretene Ministerpr\u00e4sident\u00a0 von Schleswig-Holstein, Uwe Barschel, ist heute Mittag in einem Genfer Hotel tot aufgefunden worden.&#8220; sprach der Tagesschausprecher auf den Tag genau heute, [&hellip;]<\/p>\n","protected":false},"author":1,"featured_media":2528,"comment_status":"closed","ping_status":"open","sticky":false,"template":"","format":"standard","meta":{"_jetpack_memberships_contains_paid_content":false,"footnotes":""},"categories":[684],"tags":[718,724,727,722,723,721,719,728,726,725,714,715,730,329,716,731,720,717,729],"class_list":["post-2520","post","type-post","status-publish","format-standard","has-post-thumbnail","hentry","category-selbstportrait","tag-718","tag-bildsprache","tag-dokumentation","tag-dr-seltsam-oder-wie-ich-lernte-die-bombe-zu-lieben","tag-dr-strangelove","tag-frau-holle","tag-froschkoenig","tag-geschichte","tag-ikonische-bilder","tag-journalismus","tag-maerchen","tag-marilyn-monroe","tag-medien","tag-politik","tag-rapunzel","tag-selbstportrait","tag-sterntaler","tag-uwe-barschel","tag-weltgeschehen"],"yoast_head":"<!-- This site is optimized with the Yoast SEO plugin v26.5 - https:\/\/yoast.com\/wordpress\/plugins\/seo\/ -->\n<title>Politische M\u00e4rchen - BLOG<\/title>\n<meta name=\"robots\" content=\"index, follow, max-snippet:-1, max-image-preview:large, max-video-preview:-1\" \/>\n<link rel=\"canonical\" href=\"https:\/\/annebarth.de\/projects\/politische-maerchen\/\" \/>\n<meta property=\"og:locale\" content=\"de_DE\" \/>\n<meta property=\"og:type\" content=\"article\" \/>\n<meta property=\"og:title\" content=\"Politische M\u00e4rchen - BLOG\" \/>\n<meta property=\"og:description\" content=\"&#8222;Der zur\u00fcckgetretene Ministerpr\u00e4sident\u00a0 von Schleswig-Holstein, Uwe Barschel, ist heute Mittag in einem Genfer Hotel tot aufgefunden worden.&#8220; sprach der Tagesschausprecher auf den Tag genau heute, [&hellip;]\" \/>\n<meta property=\"og:url\" content=\"https:\/\/annebarth.de\/projects\/politische-maerchen\/\" \/>\n<meta property=\"og:site_name\" content=\"BLOG\" \/>\n<meta property=\"article:published_time\" content=\"2017-10-11T07:59:06+00:00\" \/>\n<meta property=\"article:modified_time\" content=\"2019-10-07T14:32:42+00:00\" \/>\n<meta property=\"og:image\" content=\"https:\/\/annebarth.de\/projects\/wp-content\/uploads\/2017\/10\/Gro\u00dfesProjekt1.jpg\" \/>\n\t<meta property=\"og:image:width\" content=\"1024\" \/>\n\t<meta property=\"og:image:height\" content=\"683\" \/>\n\t<meta property=\"og:image:type\" content=\"image\/jpeg\" \/>\n<meta name=\"author\" content=\"Anne Barth\" \/>\n<meta name=\"twitter:card\" content=\"summary_large_image\" \/>\n<meta name=\"twitter:label1\" content=\"Verfasst von\" \/>\n\t<meta name=\"twitter:data1\" content=\"Anne Barth\" \/>\n\t<meta name=\"twitter:label2\" content=\"Gesch\u00e4tzte Lesezeit\" \/>\n\t<meta name=\"twitter:data2\" content=\"1\u00a0Minute\" \/>\n<script type=\"application\/ld+json\" class=\"yoast-schema-graph\">{\"@context\":\"https:\/\/schema.org\",\"@graph\":[{\"@type\":\"WebPage\",\"@id\":\"https:\/\/annebarth.de\/projects\/politische-maerchen\/\",\"url\":\"https:\/\/annebarth.de\/projects\/politische-maerchen\/\",\"name\":\"Politische M\u00e4rchen - BLOG\",\"isPartOf\":{\"@id\":\"https:\/\/annebarth.de\/projects\/#website\"},\"primaryImageOfPage\":{\"@id\":\"https:\/\/annebarth.de\/projects\/politische-maerchen\/#primaryimage\"},\"image\":{\"@id\":\"https:\/\/annebarth.de\/projects\/politische-maerchen\/#primaryimage\"},\"thumbnailUrl\":\"https:\/\/annebarth.de\/projects\/wp-content\/uploads\/2017\/10\/Gro\u00dfesProjekt1.jpg\",\"datePublished\":\"2017-10-11T07:59:06+00:00\",\"dateModified\":\"2019-10-07T14:32:42+00:00\",\"author\":{\"@id\":\"https:\/\/annebarth.de\/projects\/#\/schema\/person\/4a08e50a7d218427ed60ce9198983ba7\"},\"breadcrumb\":{\"@id\":\"https:\/\/annebarth.de\/projects\/politische-maerchen\/#breadcrumb\"},\"inLanguage\":\"de\",\"potentialAction\":[{\"@type\":\"ReadAction\",\"target\":[\"https:\/\/annebarth.de\/projects\/politische-maerchen\/\"]}]},{\"@type\":\"ImageObject\",\"inLanguage\":\"de\",\"@id\":\"https:\/\/annebarth.de\/projects\/politische-maerchen\/#primaryimage\",\"url\":\"https:\/\/annebarth.de\/projects\/wp-content\/uploads\/2017\/10\/Gro\u00dfesProjekt1.jpg\",\"contentUrl\":\"https:\/\/annebarth.de\/projects\/wp-content\/uploads\/2017\/10\/Gro\u00dfesProjekt1.jpg\",\"width\":1024,\"height\":683},{\"@type\":\"BreadcrumbList\",\"@id\":\"https:\/\/annebarth.de\/projects\/politische-maerchen\/#breadcrumb\",\"itemListElement\":[{\"@type\":\"ListItem\",\"position\":1,\"name\":\"Startseite\",\"item\":\"https:\/\/annebarth.de\/projects\/\"},{\"@type\":\"ListItem\",\"position\":2,\"name\":\"Politische M\u00e4rchen\"}]},{\"@type\":\"WebSite\",\"@id\":\"https:\/\/annebarth.de\/projects\/#website\",\"url\":\"https:\/\/annebarth.de\/projects\/\",\"name\":\"BLOG\",\"description\":\"ANNE BARTH PHOTOGRAPHY\",\"potentialAction\":[{\"@type\":\"SearchAction\",\"target\":{\"@type\":\"EntryPoint\",\"urlTemplate\":\"https:\/\/annebarth.de\/projects\/?s={search_term_string}\"},\"query-input\":{\"@type\":\"PropertyValueSpecification\",\"valueRequired\":true,\"valueName\":\"search_term_string\"}}],\"inLanguage\":\"de\"},{\"@type\":\"Person\",\"@id\":\"https:\/\/annebarth.de\/projects\/#\/schema\/person\/4a08e50a7d218427ed60ce9198983ba7\",\"name\":\"Anne Barth\",\"image\":{\"@type\":\"ImageObject\",\"inLanguage\":\"de\",\"@id\":\"https:\/\/annebarth.de\/projects\/#\/schema\/person\/image\/\",\"url\":\"https:\/\/secure.gravatar.com\/avatar\/bb3547db53ae92f8d10f959af6d3f06a1f1acc19fd5db76001a4e8f86543c9fb?s=96&d=mm&r=g\",\"contentUrl\":\"https:\/\/secure.gravatar.com\/avatar\/bb3547db53ae92f8d10f959af6d3f06a1f1acc19fd5db76001a4e8f86543c9fb?s=96&d=mm&r=g\",\"caption\":\"Anne Barth\"},\"url\":\"https:\/\/annebarth.de\/projects\/author\/annebarth\/\"}]}<\/script>\n<!-- \/ Yoast SEO plugin. -->","yoast_head_json":{"title":"Politische M\u00e4rchen - BLOG","robots":{"index":"index","follow":"follow","max-snippet":"max-snippet:-1","max-image-preview":"max-image-preview:large","max-video-preview":"max-video-preview:-1"},"canonical":"https:\/\/annebarth.de\/projects\/politische-maerchen\/","og_locale":"de_DE","og_type":"article","og_title":"Politische M\u00e4rchen - BLOG","og_description":"&#8222;Der zur\u00fcckgetretene Ministerpr\u00e4sident\u00a0 von Schleswig-Holstein, Uwe Barschel, ist heute Mittag in einem Genfer Hotel tot aufgefunden worden.&#8220; sprach der Tagesschausprecher auf den Tag genau heute, [&hellip;]","og_url":"https:\/\/annebarth.de\/projects\/politische-maerchen\/","og_site_name":"BLOG","article_published_time":"2017-10-11T07:59:06+00:00","article_modified_time":"2019-10-07T14:32:42+00:00","og_image":[{"width":1024,"height":683,"url":"https:\/\/annebarth.de\/projects\/wp-content\/uploads\/2017\/10\/Gro\u00dfesProjekt1.jpg","type":"image\/jpeg"}],"author":"Anne Barth","twitter_card":"summary_large_image","twitter_misc":{"Verfasst von":"Anne Barth","Gesch\u00e4tzte Lesezeit":"1\u00a0Minute"},"schema":{"@context":"https:\/\/schema.org","@graph":[{"@type":"WebPage","@id":"https:\/\/annebarth.de\/projects\/politische-maerchen\/","url":"https:\/\/annebarth.de\/projects\/politische-maerchen\/","name":"Politische M\u00e4rchen - BLOG","isPartOf":{"@id":"https:\/\/annebarth.de\/projects\/#website"},"primaryImageOfPage":{"@id":"https:\/\/annebarth.de\/projects\/politische-maerchen\/#primaryimage"},"image":{"@id":"https:\/\/annebarth.de\/projects\/politische-maerchen\/#primaryimage"},"thumbnailUrl":"https:\/\/annebarth.de\/projects\/wp-content\/uploads\/2017\/10\/Gro\u00dfesProjekt1.jpg","datePublished":"2017-10-11T07:59:06+00:00","dateModified":"2019-10-07T14:32:42+00:00","author":{"@id":"https:\/\/annebarth.de\/projects\/#\/schema\/person\/4a08e50a7d218427ed60ce9198983ba7"},"breadcrumb":{"@id":"https:\/\/annebarth.de\/projects\/politische-maerchen\/#breadcrumb"},"inLanguage":"de","potentialAction":[{"@type":"ReadAction","target":["https:\/\/annebarth.de\/projects\/politische-maerchen\/"]}]},{"@type":"ImageObject","inLanguage":"de","@id":"https:\/\/annebarth.de\/projects\/politische-maerchen\/#primaryimage","url":"https:\/\/annebarth.de\/projects\/wp-content\/uploads\/2017\/10\/Gro\u00dfesProjekt1.jpg","contentUrl":"https:\/\/annebarth.de\/projects\/wp-content\/uploads\/2017\/10\/Gro\u00dfesProjekt1.jpg","width":1024,"height":683},{"@type":"BreadcrumbList","@id":"https:\/\/annebarth.de\/projects\/politische-maerchen\/#breadcrumb","itemListElement":[{"@type":"ListItem","position":1,"name":"Startseite","item":"https:\/\/annebarth.de\/projects\/"},{"@type":"ListItem","position":2,"name":"Politische M\u00e4rchen"}]},{"@type":"WebSite","@id":"https:\/\/annebarth.de\/projects\/#website","url":"https:\/\/annebarth.de\/projects\/","name":"BLOG","description":"ANNE BARTH PHOTOGRAPHY","potentialAction":[{"@type":"SearchAction","target":{"@type":"EntryPoint","urlTemplate":"https:\/\/annebarth.de\/projects\/?s={search_term_string}"},"query-input":{"@type":"PropertyValueSpecification","valueRequired":true,"valueName":"search_term_string"}}],"inLanguage":"de"},{"@type":"Person","@id":"https:\/\/annebarth.de\/projects\/#\/schema\/person\/4a08e50a7d218427ed60ce9198983ba7","name":"Anne Barth","image":{"@type":"ImageObject","inLanguage":"de","@id":"https:\/\/annebarth.de\/projects\/#\/schema\/person\/image\/","url":"https:\/\/secure.gravatar.com\/avatar\/bb3547db53ae92f8d10f959af6d3f06a1f1acc19fd5db76001a4e8f86543c9fb?s=96&d=mm&r=g","contentUrl":"https:\/\/secure.gravatar.com\/avatar\/bb3547db53ae92f8d10f959af6d3f06a1f1acc19fd5db76001a4e8f86543c9fb?s=96&d=mm&r=g","caption":"Anne Barth"},"url":"https:\/\/annebarth.de\/projects\/author\/annebarth\/"}]}},"jetpack_featured_media_url":"https:\/\/annebarth.de\/projects\/wp-content\/uploads\/2017\/10\/Gro\u00dfesProjekt1.jpg","jetpack_sharing_enabled":true,"_links":{"self":[{"href":"https:\/\/annebarth.de\/projects\/wp-json\/wp\/v2\/posts\/2520","targetHints":{"allow":["GET"]}}],"collection":[{"href":"https:\/\/annebarth.de\/projects\/wp-json\/wp\/v2\/posts"}],"about":[{"href":"https:\/\/annebarth.de\/projects\/wp-json\/wp\/v2\/types\/post"}],"author":[{"embeddable":true,"href":"https:\/\/annebarth.de\/projects\/wp-json\/wp\/v2\/users\/1"}],"replies":[{"embeddable":true,"href":"https:\/\/annebarth.de\/projects\/wp-json\/wp\/v2\/comments?post=2520"}],"version-history":[{"count":18,"href":"https:\/\/annebarth.de\/projects\/wp-json\/wp\/v2\/posts\/2520\/revisions"}],"predecessor-version":[{"id":2546,"href":"https:\/\/annebarth.de\/projects\/wp-json\/wp\/v2\/posts\/2520\/revisions\/2546"}],"wp:featuredmedia":[{"embeddable":true,"href":"https:\/\/annebarth.de\/projects\/wp-json\/wp\/v2\/media\/2528"}],"wp:attachment":[{"href":"https:\/\/annebarth.de\/projects\/wp-json\/wp\/v2\/media?parent=2520"}],"wp:term":[{"taxonomy":"category","embeddable":true,"href":"https:\/\/annebarth.de\/projects\/wp-json\/wp\/v2\/categories?post=2520"},{"taxonomy":"post_tag","embeddable":true,"href":"https:\/\/annebarth.de\/projects\/wp-json\/wp\/v2\/tags?post=2520"}],"curies":[{"name":"wp","href":"https:\/\/api.w.org\/{rel}","templated":true}]}}