{"id":3340,"date":"2019-06-03T11:37:07","date_gmt":"2019-06-03T09:37:07","guid":{"rendered":"http:\/\/annebarth.de\/projects\/?p=3340"},"modified":"2020-04-03T13:19:15","modified_gmt":"2020-04-03T11:19:15","slug":"intendantinnenportrait-marina-barth-vom-kluengelpuetz","status":"publish","type":"post","link":"https:\/\/annebarth.de\/projects\/intendantinnenportrait-marina-barth-vom-kluengelpuetz\/","title":{"rendered":"Portrait: Marina Barth vom Kl\u00fcngelp\u00fctz"},"content":{"rendered":"\n<p>Bilder aus dem <a href=\"http:\/\/kluengelpuetz.de\/\">Kl\u00fcngelp\u00fctz<\/a> konntet ihr hier auf meiner Website \/ im Blog schon h\u00e4ufiger sehen. Umso mehr freute ich mich auf das Shooting mit Marina, der Intendantin des Kabarett-Theaters. <\/p>\n","protected":false},"excerpt":{"rendered":"<p>Bilder aus dem Kl\u00fcngelp\u00fctz konntet ihr hier auf meiner Website \/ im Blog schon h\u00e4ufiger sehen. Umso mehr freute ich mich auf das Shooting mit [&hellip;]<\/p>\n","protected":false},"author":1,"featured_media":3341,"comment_status":"closed","ping_status":"open","sticky":false,"template":"","format":"standard","meta":{"_jetpack_memberships_contains_paid_content":false,"footnotes":""},"categories":[689],"tags":[1057,843,1039,1040,905,793,351,698,780,430],"class_list":["post-3340","post","type-post","status-publish","format-standard","has-post-thumbnail","hentry","category-kuenstlerinnenportrait","tag-buehnenseelen","tag-intendanten","tag-intendantin","tag-intendantinnenportrait","tag-kabarett","tag-kabarett-kluengelpuetz","tag-klungelputz","tag-kuenstlerportrait","tag-marina-barth","tag-portrait"],"yoast_head":"<!-- This site is optimized with the Yoast SEO plugin v26.5 - https:\/\/yoast.com\/wordpress\/plugins\/seo\/ -->\n<title>Portrait: Marina Barth vom Kl\u00fcngelp\u00fctz - BLOG<\/title>\n<meta name=\"robots\" content=\"index, follow, max-snippet:-1, max-image-preview:large, max-video-preview:-1\" \/>\n<link rel=\"canonical\" href=\"https:\/\/annebarth.de\/projects\/intendantinnenportrait-marina-barth-vom-kluengelpuetz\/\" \/>\n<meta property=\"og:locale\" content=\"de_DE\" \/>\n<meta property=\"og:type\" content=\"article\" \/>\n<meta property=\"og:title\" content=\"Portrait: Marina Barth vom Kl\u00fcngelp\u00fctz - BLOG\" \/>\n<meta property=\"og:description\" content=\"Bilder aus dem Kl\u00fcngelp\u00fctz konntet ihr hier auf meiner Website \/ im Blog schon h\u00e4ufiger sehen. Umso mehr freute ich mich auf das Shooting mit [&hellip;]\" \/>\n<meta property=\"og:url\" content=\"https:\/\/annebarth.de\/projects\/intendantinnenportrait-marina-barth-vom-kluengelpuetz\/\" \/>\n<meta property=\"og:site_name\" content=\"BLOG\" \/>\n<meta property=\"article:published_time\" content=\"2019-06-03T09:37:07+00:00\" \/>\n<meta property=\"article:modified_time\" content=\"2020-04-03T11:19:15+00:00\" \/>\n<meta property=\"og:image\" content=\"https:\/\/annebarth.de\/projects\/wp-content\/uploads\/2019\/05\/Marina_Kluengelpuetz-683x1024.jpg\" \/>\n\t<meta property=\"og:image:width\" content=\"683\" \/>\n\t<meta property=\"og:image:height\" content=\"1024\" \/>\n\t<meta property=\"og:image:type\" content=\"image\/jpeg\" \/>\n<meta name=\"author\" content=\"Anne Barth\" \/>\n<meta name=\"twitter:card\" content=\"summary_large_image\" \/>\n<meta name=\"twitter:label1\" content=\"Verfasst von\" \/>\n\t<meta name=\"twitter:data1\" content=\"Anne Barth\" \/>\n<script type=\"application\/ld+json\" class=\"yoast-schema-graph\">{\"@context\":\"https:\/\/schema.org\",\"@graph\":[{\"@type\":\"WebPage\",\"@id\":\"https:\/\/annebarth.de\/projects\/intendantinnenportrait-marina-barth-vom-kluengelpuetz\/\",\"url\":\"https:\/\/annebarth.de\/projects\/intendantinnenportrait-marina-barth-vom-kluengelpuetz\/\",\"name\":\"Portrait: Marina Barth vom Kl\u00fcngelp\u00fctz - BLOG\",\"isPartOf\":{\"@id\":\"https:\/\/annebarth.de\/projects\/#website\"},\"primaryImageOfPage\":{\"@id\":\"https:\/\/annebarth.de\/projects\/intendantinnenportrait-marina-barth-vom-kluengelpuetz\/#primaryimage\"},\"image\":{\"@id\":\"https:\/\/annebarth.de\/projects\/intendantinnenportrait-marina-barth-vom-kluengelpuetz\/#primaryimage\"},\"thumbnailUrl\":\"https:\/\/annebarth.de\/projects\/wp-content\/uploads\/2019\/05\/Marina_Kluengelpuetz.jpg\",\"datePublished\":\"2019-06-03T09:37:07+00:00\",\"dateModified\":\"2020-04-03T11:19:15+00:00\",\"author\":{\"@id\":\"https:\/\/annebarth.de\/projects\/#\/schema\/person\/4a08e50a7d218427ed60ce9198983ba7\"},\"breadcrumb\":{\"@id\":\"https:\/\/annebarth.de\/projects\/intendantinnenportrait-marina-barth-vom-kluengelpuetz\/#breadcrumb\"},\"inLanguage\":\"de\",\"potentialAction\":[{\"@type\":\"ReadAction\",\"target\":[\"https:\/\/annebarth.de\/projects\/intendantinnenportrait-marina-barth-vom-kluengelpuetz\/\"]}]},{\"@type\":\"ImageObject\",\"inLanguage\":\"de\",\"@id\":\"https:\/\/annebarth.de\/projects\/intendantinnenportrait-marina-barth-vom-kluengelpuetz\/#primaryimage\",\"url\":\"https:\/\/annebarth.de\/projects\/wp-content\/uploads\/2019\/05\/Marina_Kluengelpuetz.jpg\",\"contentUrl\":\"https:\/\/annebarth.de\/projects\/wp-content\/uploads\/2019\/05\/Marina_Kluengelpuetz.jpg\",\"width\":1365,\"height\":2048},{\"@type\":\"BreadcrumbList\",\"@id\":\"https:\/\/annebarth.de\/projects\/intendantinnenportrait-marina-barth-vom-kluengelpuetz\/#breadcrumb\",\"itemListElement\":[{\"@type\":\"ListItem\",\"position\":1,\"name\":\"Startseite\",\"item\":\"https:\/\/annebarth.de\/projects\/\"},{\"@type\":\"ListItem\",\"position\":2,\"name\":\"Portrait: Marina Barth vom Kl\u00fcngelp\u00fctz\"}]},{\"@type\":\"WebSite\",\"@id\":\"https:\/\/annebarth.de\/projects\/#website\",\"url\":\"https:\/\/annebarth.de\/projects\/\",\"name\":\"BLOG\",\"description\":\"ANNE BARTH PHOTOGRAPHY\",\"potentialAction\":[{\"@type\":\"SearchAction\",\"target\":{\"@type\":\"EntryPoint\",\"urlTemplate\":\"https:\/\/annebarth.de\/projects\/?s={search_term_string}\"},\"query-input\":{\"@type\":\"PropertyValueSpecification\",\"valueRequired\":true,\"valueName\":\"search_term_string\"}}],\"inLanguage\":\"de\"},{\"@type\":\"Person\",\"@id\":\"https:\/\/annebarth.de\/projects\/#\/schema\/person\/4a08e50a7d218427ed60ce9198983ba7\",\"name\":\"Anne Barth\",\"image\":{\"@type\":\"ImageObject\",\"inLanguage\":\"de\",\"@id\":\"https:\/\/annebarth.de\/projects\/#\/schema\/person\/image\/\",\"url\":\"https:\/\/secure.gravatar.com\/avatar\/bb3547db53ae92f8d10f959af6d3f06a1f1acc19fd5db76001a4e8f86543c9fb?s=96&d=mm&r=g\",\"contentUrl\":\"https:\/\/secure.gravatar.com\/avatar\/bb3547db53ae92f8d10f959af6d3f06a1f1acc19fd5db76001a4e8f86543c9fb?s=96&d=mm&r=g\",\"caption\":\"Anne Barth\"},\"url\":\"https:\/\/annebarth.de\/projects\/author\/annebarth\/\"}]}<\/script>\n<!-- \/ Yoast SEO plugin. -->","yoast_head_json":{"title":"Portrait: Marina Barth vom Kl\u00fcngelp\u00fctz - BLOG","robots":{"index":"index","follow":"follow","max-snippet":"max-snippet:-1","max-image-preview":"max-image-preview:large","max-video-preview":"max-video-preview:-1"},"canonical":"https:\/\/annebarth.de\/projects\/intendantinnenportrait-marina-barth-vom-kluengelpuetz\/","og_locale":"de_DE","og_type":"article","og_title":"Portrait: Marina Barth vom Kl\u00fcngelp\u00fctz - BLOG","og_description":"Bilder aus dem Kl\u00fcngelp\u00fctz konntet ihr hier auf meiner Website \/ im Blog schon h\u00e4ufiger sehen. Umso mehr freute ich mich auf das Shooting mit [&hellip;]","og_url":"https:\/\/annebarth.de\/projects\/intendantinnenportrait-marina-barth-vom-kluengelpuetz\/","og_site_name":"BLOG","article_published_time":"2019-06-03T09:37:07+00:00","article_modified_time":"2020-04-03T11:19:15+00:00","og_image":[{"width":683,"height":1024,"url":"https:\/\/annebarth.de\/projects\/wp-content\/uploads\/2019\/05\/Marina_Kluengelpuetz-683x1024.jpg","type":"image\/jpeg"}],"author":"Anne Barth","twitter_card":"summary_large_image","twitter_misc":{"Verfasst von":"Anne Barth"},"schema":{"@context":"https:\/\/schema.org","@graph":[{"@type":"WebPage","@id":"https:\/\/annebarth.de\/projects\/intendantinnenportrait-marina-barth-vom-kluengelpuetz\/","url":"https:\/\/annebarth.de\/projects\/intendantinnenportrait-marina-barth-vom-kluengelpuetz\/","name":"Portrait: Marina Barth vom Kl\u00fcngelp\u00fctz - BLOG","isPartOf":{"@id":"https:\/\/annebarth.de\/projects\/#website"},"primaryImageOfPage":{"@id":"https:\/\/annebarth.de\/projects\/intendantinnenportrait-marina-barth-vom-kluengelpuetz\/#primaryimage"},"image":{"@id":"https:\/\/annebarth.de\/projects\/intendantinnenportrait-marina-barth-vom-kluengelpuetz\/#primaryimage"},"thumbnailUrl":"https:\/\/annebarth.de\/projects\/wp-content\/uploads\/2019\/05\/Marina_Kluengelpuetz.jpg","datePublished":"2019-06-03T09:37:07+00:00","dateModified":"2020-04-03T11:19:15+00:00","author":{"@id":"https:\/\/annebarth.de\/projects\/#\/schema\/person\/4a08e50a7d218427ed60ce9198983ba7"},"breadcrumb":{"@id":"https:\/\/annebarth.de\/projects\/intendantinnenportrait-marina-barth-vom-kluengelpuetz\/#breadcrumb"},"inLanguage":"de","potentialAction":[{"@type":"ReadAction","target":["https:\/\/annebarth.de\/projects\/intendantinnenportrait-marina-barth-vom-kluengelpuetz\/"]}]},{"@type":"ImageObject","inLanguage":"de","@id":"https:\/\/annebarth.de\/projects\/intendantinnenportrait-marina-barth-vom-kluengelpuetz\/#primaryimage","url":"https:\/\/annebarth.de\/projects\/wp-content\/uploads\/2019\/05\/Marina_Kluengelpuetz.jpg","contentUrl":"https:\/\/annebarth.de\/projects\/wp-content\/uploads\/2019\/05\/Marina_Kluengelpuetz.jpg","width":1365,"height":2048},{"@type":"BreadcrumbList","@id":"https:\/\/annebarth.de\/projects\/intendantinnenportrait-marina-barth-vom-kluengelpuetz\/#breadcrumb","itemListElement":[{"@type":"ListItem","position":1,"name":"Startseite","item":"https:\/\/annebarth.de\/projects\/"},{"@type":"ListItem","position":2,"name":"Portrait: Marina Barth vom Kl\u00fcngelp\u00fctz"}]},{"@type":"WebSite","@id":"https:\/\/annebarth.de\/projects\/#website","url":"https:\/\/annebarth.de\/projects\/","name":"BLOG","description":"ANNE BARTH PHOTOGRAPHY","potentialAction":[{"@type":"SearchAction","target":{"@type":"EntryPoint","urlTemplate":"https:\/\/annebarth.de\/projects\/?s={search_term_string}"},"query-input":{"@type":"PropertyValueSpecification","valueRequired":true,"valueName":"search_term_string"}}],"inLanguage":"de"},{"@type":"Person","@id":"https:\/\/annebarth.de\/projects\/#\/schema\/person\/4a08e50a7d218427ed60ce9198983ba7","name":"Anne Barth","image":{"@type":"ImageObject","inLanguage":"de","@id":"https:\/\/annebarth.de\/projects\/#\/schema\/person\/image\/","url":"https:\/\/secure.gravatar.com\/avatar\/bb3547db53ae92f8d10f959af6d3f06a1f1acc19fd5db76001a4e8f86543c9fb?s=96&d=mm&r=g","contentUrl":"https:\/\/secure.gravatar.com\/avatar\/bb3547db53ae92f8d10f959af6d3f06a1f1acc19fd5db76001a4e8f86543c9fb?s=96&d=mm&r=g","caption":"Anne Barth"},"url":"https:\/\/annebarth.de\/projects\/author\/annebarth\/"}]}},"jetpack_featured_media_url":"https:\/\/annebarth.de\/projects\/wp-content\/uploads\/2019\/05\/Marina_Kluengelpuetz.jpg","jetpack_sharing_enabled":true,"_links":{"self":[{"href":"https:\/\/annebarth.de\/projects\/wp-json\/wp\/v2\/posts\/3340","targetHints":{"allow":["GET"]}}],"collection":[{"href":"https:\/\/annebarth.de\/projects\/wp-json\/wp\/v2\/posts"}],"about":[{"href":"https:\/\/annebarth.de\/projects\/wp-json\/wp\/v2\/types\/post"}],"author":[{"embeddable":true,"href":"https:\/\/annebarth.de\/projects\/wp-json\/wp\/v2\/users\/1"}],"replies":[{"embeddable":true,"href":"https:\/\/annebarth.de\/projects\/wp-json\/wp\/v2\/comments?post=3340"}],"version-history":[{"count":2,"href":"https:\/\/annebarth.de\/projects\/wp-json\/wp\/v2\/posts\/3340\/revisions"}],"predecessor-version":[{"id":3473,"href":"https:\/\/annebarth.de\/projects\/wp-json\/wp\/v2\/posts\/3340\/revisions\/3473"}],"wp:featuredmedia":[{"embeddable":true,"href":"https:\/\/annebarth.de\/projects\/wp-json\/wp\/v2\/media\/3341"}],"wp:attachment":[{"href":"https:\/\/annebarth.de\/projects\/wp-json\/wp\/v2\/media?parent=3340"}],"wp:term":[{"taxonomy":"category","embeddable":true,"href":"https:\/\/annebarth.de\/projects\/wp-json\/wp\/v2\/categories?post=3340"},{"taxonomy":"post_tag","embeddable":true,"href":"https:\/\/annebarth.de\/projects\/wp-json\/wp\/v2\/tags?post=3340"}],"curies":[{"name":"wp","href":"https:\/\/api.w.org\/{rel}","templated":true}]}}