{"id":3610,"date":"2020-04-05T13:34:21","date_gmt":"2020-04-05T11:34:21","guid":{"rendered":"http:\/\/annebarth.de\/projects\/?p=3610"},"modified":"2020-10-20T17:07:06","modified_gmt":"2020-10-20T15:07:06","slug":"knistern-in-der-luft","status":"publish","type":"post","link":"https:\/\/annebarth.de\/projects\/knistern-in-der-luft\/","title":{"rendered":"Knistern in der Luft"},"content":{"rendered":"\n<p>Die Autorin und Bloggerin Ina Steg hat mit mir \u00fcber Theaterfotografie gesprochen. Entstanden ist ein <a href=\"https:\/\/ina-steg.de\/buehnenseelen-und-das-knistern-in-der-luft\/\">wundervoller Artikel<\/a>, der schon l\u00e4ngst \u00fcberf\u00e4llig war.<\/p>\n\n\n\n<p>Aber auch hier m\u00f6chte ich ein paar Worte verlieren, wie ich zur Theaterfotografie fand.<\/p>\n\n\n\n<div class=\"wp-block-image\"><figure class=\"aligncenter size-large\"><img loading=\"lazy\" decoding=\"async\" width=\"683\" height=\"1024\" src=\"https:\/\/annebarth.de\/projects\/wp-content\/uploads\/2020\/10\/20-03-10__DSC3611-683x1024.jpg\" alt=\"\" class=\"wp-image-3783\" srcset=\"https:\/\/annebarth.de\/projects\/wp-content\/uploads\/2020\/10\/20-03-10__DSC3611-683x1024.jpg 683w, https:\/\/annebarth.de\/projects\/wp-content\/uploads\/2020\/10\/20-03-10__DSC3611-200x300.jpg 200w, https:\/\/annebarth.de\/projects\/wp-content\/uploads\/2020\/10\/20-03-10__DSC3611-768x1152.jpg 768w, https:\/\/annebarth.de\/projects\/wp-content\/uploads\/2020\/10\/20-03-10__DSC3611-1024x1536.jpg 1024w, https:\/\/annebarth.de\/projects\/wp-content\/uploads\/2020\/10\/20-03-10__DSC3611.jpg 1365w\" sizes=\"auto, (max-width: 683px) 100vw, 683px\" \/><\/figure><\/div>\n\n\n\n<p>Ins Theater bin ich schon immer viel gegangen. Als Gundschulkind hatte ich gemeinsam mit einer Freundin ein Abo f\u00fcr das Theater im n\u00e4chsten Ort, einmal im Monat putzten wir uns nach eigenem Ermessen fein heraus und sahen Die Zauberfl\u00f6te, Die kleine Hexe, Der Nussknacker und vieles mehr.<\/p>\n\n\n\n<p>Als Studentin in einer anderen Stadt waren es unter anderem die verg\u00fcnstigten Studententickets, die mich regelm\u00e4\u00dfig ins Theater zogen. Ein paar Jahre sp\u00e4ter heiratete ich sozusagen in eine Theaterfamilie ein, meine Schwiegermutter leitet das K\u00f6lner Kabarett-Theater Kl\u00fcngelp\u00fctz, mein Schweigervater hat das Theaterp\u00e4dagogische Zentrum, sowie das Zirkus- und Artistikzentrum K\u00f6ln ins Leben gerufen.<\/p>\n\n\n\n<p>Mit der Theaterfotografie begann es, als ich w\u00e4hrend des Studiums an der Fotoakademie den Auftrag bekam &#8222;Die Produktion von&#8220; zu fotografieren. W\u00e4hrend meine Kommiliton:innen zu Geigenbauer, Winzer u.\u00e4. zogen, war f\u00fcr mich klar, dass ich die Produktion eines Theaterst\u00fcckes dokumentieren wollte. So kam es, dass ich vier Woche eine Kollaboration zwischen Schauspieler:innen, Artist:innen und Musiker:innen dokumentierte, die gemeinsam in einem sehr freien Schaffungsprozess interdisziplin\u00e4r ein St\u00fcck entwickelten. Diesen Prozess zu begleiten hat mich und meinen Blick auf das Theater sehr gepr\u00e4gt. Es ging dabei nicht darum ein klassisches St\u00fcck in einer neuen Interpretation auf eine gro\u00dfe B\u00fchne zu bringen, sondern darum Dinge auszuprobieren. Sich auf Neues einzulassen, seine Komfortzone zu verlassen und etwas zu erschaffen, das nur im Zusammenspiel Aller entstehen konnte.<\/p>\n\n\n\n<p>Hierbei begegnete ich auch schon den ersten T\u00fccken der Theaterfotografie und sechs Jahre sp\u00e4ter glaube ich, dass ich im Theater bzw. Zirkus (dabei spreche ich stets vom modernen Artistik-Zirkus) einen gro\u00dfen Teil meiner technischen F\u00e4higkeiten erlangt habe. Im Theater und Zirkus ist es prinzipiell sehr dunkel, die Kontraste sind sehr hoch. Unsere Augen sind viel besser als eine Kamera in der Lage, schwierige Lichtsituationen zu kompensieren. Gleichzeitig gibt es unerwartete, mitunter schnelle Bewegungen. Dadurch kann ich einerseits nur kurz belichten, was der schlechten Lichtsituation zuwider l\u00e4uft, andererseits muss ich selbst sehr schnell sein und &#8222;wissen&#8220; wann wo was passiert. <\/p>\n\n\n\n<div class=\"wp-block-image\"><figure class=\"aligncenter size-large\"><img loading=\"lazy\" decoding=\"async\" width=\"1024\" height=\"683\" src=\"https:\/\/annebarth.de\/projects\/wp-content\/uploads\/2020\/10\/19-09-11__DSC7047-1024x683.jpg\" alt=\"\" class=\"wp-image-3782\" srcset=\"https:\/\/annebarth.de\/projects\/wp-content\/uploads\/2020\/10\/19-09-11__DSC7047-1024x683.jpg 1024w, https:\/\/annebarth.de\/projects\/wp-content\/uploads\/2020\/10\/19-09-11__DSC7047-300x200.jpg 300w, https:\/\/annebarth.de\/projects\/wp-content\/uploads\/2020\/10\/19-09-11__DSC7047-768x512.jpg 768w, https:\/\/annebarth.de\/projects\/wp-content\/uploads\/2020\/10\/19-09-11__DSC7047-1536x1024.jpg 1536w, https:\/\/annebarth.de\/projects\/wp-content\/uploads\/2020\/10\/19-09-11__DSC7047.jpg 2048w\" sizes=\"auto, (max-width: 1024px) 100vw, 1024px\" \/><\/figure><\/div>\n\n\n\n<p>Am liebsten fotografiere ich bei einer Probe auf der B\u00fchne, bewege mich zwischen den Schauspieler:innen und Artist:innen. Diese Fotos sind viel n\u00e4her und intensiver. Der Blick vom Zuschauerraum ist viel zu distanziert. Das Theater zieht einen in den Bann. Hat man lediglich Bilder von einem St\u00fcck, fehlt die Musik, die Stimmen, ein gro\u00dfer Teil der Atmosph\u00e4re. Um das auszugleichen muss ich nah an die Darsteller:innen heran, Momente finden, in denen die Schauspieler:innen ganz eins mit ihrer Rolle sind. Die Spannung einfangen, die schon fast die Luft zum knistern bringt. Anfangs hie\u00df das f\u00fcr mich, dass ich mich jedes St\u00fcck einmal angesehen habe, bevor ich es dann bei der n\u00e4chsten Probe fotografiert habe. Inzwischen habe ich genug \u00dcbung, dass ich mir den Ablauf kurz erz\u00e4hlen lasse und direkt fotografiere. Das zu erreichen hat einige Jahre und Vorstellungen gebraucht, hilft mir inzwischen aber auch sehr bei anderen Auftr\u00e4gen.<\/p>\n\n\n\n<p>Es ist ein seltsames Gef\u00fchl, wenn ich ein St\u00fcck fotografiere. Ich tauche so sehr ein, dass ich vieles um mich herum gar nicht mehr wahrnehme. Als Fotografin bin ich h\u00e4ufig einer der ersten Au\u00dfenstehenden, die das St\u00fcck (fast) fertig sehen. Einmal wurde ich nach dem St\u00fcck gefragt, was ich davon halten w\u00fcrde, wie sich die Musik peu \u00e0 peu ver\u00e4ndert, von einem harmonischen St\u00fcck immer schr\u00e4ger und schiefer wird. Ich hatte es nicht wahrgenommen. Bei der Premiere, die ich als Zuschauerin sah, war mir unbegreiflich, wie es mir nicht hatte auffallen k\u00f6nnen, wie sehr die Musik sich ver\u00e4ndert. Aber wenn ich fotografiere wird so etwas offenbar nebens\u00e4chlich f\u00fcr mich.<\/p>\n\n\n\n<p>Vielleicht ist es auch das, was ich an der Theaterfotografie so mag, das Menschliche dazwischen. Mit einem Regisseur hab ich schon h\u00e4ufig zusammen gearbeitet, in Zusammenarbeit mit ihm habe ich die M\u00f6glichkeit mich sehr viel mehr in das St\u00fcck einzubringen, anstatt es wie sonst nur zu dokumentieren. So bin ich, obwohl ich &#8222;nur&#8220; Fotografin bin, beim ersten Treffen mit den Schauspieler:innen mit dabei, kann Gedanken zum entstehenden St\u00fcck \u00e4u\u00dfern, bin sehr frei, was die Umsetzung des Plakates angeht. Z.T. konnte ich Filme und Bildsequenzen, die in dem St\u00fcck verwendet wurden beisteuern. So wird aus der dokumentarischen Theaterfotografie auf einmal ein gemeinsamer Schaffensprozess, was mich pers\u00f6nlich sehr erf\u00fcllt.<\/p>\n\n\n\n<div class=\"wp-block-image\"><figure class=\"aligncenter size-large\"><img loading=\"lazy\" decoding=\"async\" width=\"683\" height=\"1024\" src=\"https:\/\/annebarth.de\/projects\/wp-content\/uploads\/2020\/10\/180225__DSC0763-683x1024.jpg\" alt=\"\" class=\"wp-image-3785\" srcset=\"https:\/\/annebarth.de\/projects\/wp-content\/uploads\/2020\/10\/180225__DSC0763-683x1024.jpg 683w, https:\/\/annebarth.de\/projects\/wp-content\/uploads\/2020\/10\/180225__DSC0763-200x300.jpg 200w, https:\/\/annebarth.de\/projects\/wp-content\/uploads\/2020\/10\/180225__DSC0763-768x1152.jpg 768w, https:\/\/annebarth.de\/projects\/wp-content\/uploads\/2020\/10\/180225__DSC0763-1024x1536.jpg 1024w, https:\/\/annebarth.de\/projects\/wp-content\/uploads\/2020\/10\/180225__DSC0763.jpg 1365w\" sizes=\"auto, (max-width: 683px) 100vw, 683px\" \/><figcaption>Circus Kicks, ZAK<\/figcaption><\/figure><\/div>\n\n\n\n<p>Nach einigen Jahren in diversen Theatern kannte ich die ersten Fettn\u00e4pfchen und Fallstricke (nach der Generalprobe wird nicht applaudiert, man spuckt sich vor der Premiere \u00fcber die Schulter und w\u00fcnscht sich &#8222;Toi Toi Toi&#8220;, niemand! l\u00e4uft \u00fcber den frisch geputzten Tanzboden usw.). Ich kannte Schauspieler:innen und wusste wie es wo zugeht. Nach und nach wurde mir aber bewusst, dass der Blick der Zuschauer:innen sich nur auf das Geschehen auf der B\u00fchne richtet, etwas ganz essentielles aber verborgen blieb. Die k\u00fcnstlerischen Leiter:innen der jeweiligen B\u00fchnen. Die Menschen, die die Idee, vielleicht auch Vision, ihres Theaters umsetzen. Manche Theater sind politisch, andere richten sich an Kinder, wieder andere sind extrem experimentell. Vor allem die kleinen Theater sind ein Spiegel der Pers\u00f6nlichkeit Ihres bzw. Ihrer k\u00fcnstlerischen Leiter:in, es sind f\u00fcr mich die &#8222;B\u00fchnenseelen&#8220;. Diesen Menschen wollte ich zeigen, ihnen eine B\u00fchne bieten. F\u00fcr mich sind sie, neben den gro\u00dfartigen Schauspieler:innen, der Kern der K\u00f6lner Theaterszene. Somit portraitierte ich \u00fcber 1,5 Jahre ca. 50 k\u00fcnstlerische Leiter:innen \/ Intendant:innen der freien K\u00f6lner Theaterszene. Ich traf mich mit jedem an einem Ort seines\/ihres kreativen Schaffens. Und so wie ich bei der B\u00fchnenfotografie versuche den Moment der Rolle einzufangen, versuchte ich auch bei diesen Menschen ihre Pers\u00f6nlichkeit zu erfassen. Manchmal fand ich diesen Moment nach 15 Minuten, manchmal tranken wird vorher dreieinhalb Stunden lang Kaffee und unterhielten uns, bis genug Vertrauen und Offenheit da war, um den Menschen, und nicht nur eine Maske, zu zeigen. Die Serie &#8222;B\u00fchnenseelen&#8220; wurde im Rahmen der letzten K\u00f6lner Theaternacht (Oktober 2019) ausgestellt, die einzelnen Portraits sind auch auf meiner Website zu sehen.<\/p>\n","protected":false},"excerpt":{"rendered":"<p>Die Autorin und Bloggerin Ina Steg hat mit mir \u00fcber Theaterfotografie gesprochen. Entstanden ist ein wundervoller Artikel, der schon l\u00e4ngst \u00fcberf\u00e4llig war. Aber auch hier [&hellip;]<\/p>\n","protected":false},"author":1,"featured_media":3611,"comment_status":"closed","ping_status":"open","sticky":false,"template":"","format":"standard","meta":{"_jetpack_memberships_contains_paid_content":false,"footnotes":""},"categories":[776],"tags":[1099,1098,1097,902,964],"class_list":["post-3610","post","type-post","status-publish","format-standard","has-post-thumbnail","hentry","category-theaterfotografie","tag-autorin","tag-blog","tag-ina-steg","tag-theaterfotografie","tag-ueber-mich"],"yoast_head":"<!-- This site is optimized with the Yoast SEO plugin v26.5 - https:\/\/yoast.com\/wordpress\/plugins\/seo\/ -->\n<title>Knistern in der Luft - BLOG<\/title>\n<meta name=\"robots\" content=\"index, follow, max-snippet:-1, max-image-preview:large, max-video-preview:-1\" \/>\n<link rel=\"canonical\" href=\"https:\/\/annebarth.de\/projects\/knistern-in-der-luft\/\" \/>\n<meta property=\"og:locale\" content=\"de_DE\" \/>\n<meta property=\"og:type\" content=\"article\" \/>\n<meta property=\"og:title\" content=\"Knistern in der Luft - BLOG\" \/>\n<meta property=\"og:description\" content=\"Die Autorin und Bloggerin Ina Steg hat mit mir \u00fcber Theaterfotografie gesprochen. Entstanden ist ein wundervoller Artikel, der schon l\u00e4ngst \u00fcberf\u00e4llig war. Aber auch hier [&hellip;]\" \/>\n<meta property=\"og:url\" content=\"https:\/\/annebarth.de\/projects\/knistern-in-der-luft\/\" \/>\n<meta property=\"og:site_name\" content=\"BLOG\" \/>\n<meta property=\"article:published_time\" content=\"2020-04-05T11:34:21+00:00\" \/>\n<meta property=\"article:modified_time\" content=\"2020-10-20T15:07:06+00:00\" \/>\n<meta property=\"og:image\" content=\"https:\/\/annebarth.de\/projects\/wp-content\/uploads\/2020\/04\/DSC1838.jpg\" \/>\n\t<meta property=\"og:image:width\" content=\"2048\" \/>\n\t<meta property=\"og:image:height\" content=\"1365\" \/>\n\t<meta property=\"og:image:type\" content=\"image\/jpeg\" \/>\n<meta name=\"author\" content=\"Anne Barth\" \/>\n<meta name=\"twitter:card\" content=\"summary_large_image\" \/>\n<meta name=\"twitter:label1\" content=\"Verfasst von\" \/>\n\t<meta name=\"twitter:data1\" content=\"Anne Barth\" \/>\n\t<meta name=\"twitter:label2\" content=\"Gesch\u00e4tzte Lesezeit\" \/>\n\t<meta name=\"twitter:data2\" content=\"5\u00a0Minuten\" \/>\n<script type=\"application\/ld+json\" class=\"yoast-schema-graph\">{\"@context\":\"https:\/\/schema.org\",\"@graph\":[{\"@type\":\"WebPage\",\"@id\":\"https:\/\/annebarth.de\/projects\/knistern-in-der-luft\/\",\"url\":\"https:\/\/annebarth.de\/projects\/knistern-in-der-luft\/\",\"name\":\"Knistern in der Luft - BLOG\",\"isPartOf\":{\"@id\":\"https:\/\/annebarth.de\/projects\/#website\"},\"primaryImageOfPage\":{\"@id\":\"https:\/\/annebarth.de\/projects\/knistern-in-der-luft\/#primaryimage\"},\"image\":{\"@id\":\"https:\/\/annebarth.de\/projects\/knistern-in-der-luft\/#primaryimage\"},\"thumbnailUrl\":\"https:\/\/annebarth.de\/projects\/wp-content\/uploads\/2020\/04\/DSC1838.jpg\",\"datePublished\":\"2020-04-05T11:34:21+00:00\",\"dateModified\":\"2020-10-20T15:07:06+00:00\",\"author\":{\"@id\":\"https:\/\/annebarth.de\/projects\/#\/schema\/person\/4a08e50a7d218427ed60ce9198983ba7\"},\"breadcrumb\":{\"@id\":\"https:\/\/annebarth.de\/projects\/knistern-in-der-luft\/#breadcrumb\"},\"inLanguage\":\"de\",\"potentialAction\":[{\"@type\":\"ReadAction\",\"target\":[\"https:\/\/annebarth.de\/projects\/knistern-in-der-luft\/\"]}]},{\"@type\":\"ImageObject\",\"inLanguage\":\"de\",\"@id\":\"https:\/\/annebarth.de\/projects\/knistern-in-der-luft\/#primaryimage\",\"url\":\"https:\/\/annebarth.de\/projects\/wp-content\/uploads\/2020\/04\/DSC1838.jpg\",\"contentUrl\":\"https:\/\/annebarth.de\/projects\/wp-content\/uploads\/2020\/04\/DSC1838.jpg\",\"width\":2048,\"height\":1365},{\"@type\":\"BreadcrumbList\",\"@id\":\"https:\/\/annebarth.de\/projects\/knistern-in-der-luft\/#breadcrumb\",\"itemListElement\":[{\"@type\":\"ListItem\",\"position\":1,\"name\":\"Startseite\",\"item\":\"https:\/\/annebarth.de\/projects\/\"},{\"@type\":\"ListItem\",\"position\":2,\"name\":\"Knistern in der Luft\"}]},{\"@type\":\"WebSite\",\"@id\":\"https:\/\/annebarth.de\/projects\/#website\",\"url\":\"https:\/\/annebarth.de\/projects\/\",\"name\":\"BLOG\",\"description\":\"ANNE BARTH PHOTOGRAPHY\",\"potentialAction\":[{\"@type\":\"SearchAction\",\"target\":{\"@type\":\"EntryPoint\",\"urlTemplate\":\"https:\/\/annebarth.de\/projects\/?s={search_term_string}\"},\"query-input\":{\"@type\":\"PropertyValueSpecification\",\"valueRequired\":true,\"valueName\":\"search_term_string\"}}],\"inLanguage\":\"de\"},{\"@type\":\"Person\",\"@id\":\"https:\/\/annebarth.de\/projects\/#\/schema\/person\/4a08e50a7d218427ed60ce9198983ba7\",\"name\":\"Anne Barth\",\"image\":{\"@type\":\"ImageObject\",\"inLanguage\":\"de\",\"@id\":\"https:\/\/annebarth.de\/projects\/#\/schema\/person\/image\/\",\"url\":\"https:\/\/secure.gravatar.com\/avatar\/bb3547db53ae92f8d10f959af6d3f06a1f1acc19fd5db76001a4e8f86543c9fb?s=96&d=mm&r=g\",\"contentUrl\":\"https:\/\/secure.gravatar.com\/avatar\/bb3547db53ae92f8d10f959af6d3f06a1f1acc19fd5db76001a4e8f86543c9fb?s=96&d=mm&r=g\",\"caption\":\"Anne Barth\"},\"url\":\"https:\/\/annebarth.de\/projects\/author\/annebarth\/\"}]}<\/script>\n<!-- \/ Yoast SEO plugin. -->","yoast_head_json":{"title":"Knistern in der Luft - BLOG","robots":{"index":"index","follow":"follow","max-snippet":"max-snippet:-1","max-image-preview":"max-image-preview:large","max-video-preview":"max-video-preview:-1"},"canonical":"https:\/\/annebarth.de\/projects\/knistern-in-der-luft\/","og_locale":"de_DE","og_type":"article","og_title":"Knistern in der Luft - BLOG","og_description":"Die Autorin und Bloggerin Ina Steg hat mit mir \u00fcber Theaterfotografie gesprochen. Entstanden ist ein wundervoller Artikel, der schon l\u00e4ngst \u00fcberf\u00e4llig war. Aber auch hier [&hellip;]","og_url":"https:\/\/annebarth.de\/projects\/knistern-in-der-luft\/","og_site_name":"BLOG","article_published_time":"2020-04-05T11:34:21+00:00","article_modified_time":"2020-10-20T15:07:06+00:00","og_image":[{"width":2048,"height":1365,"url":"https:\/\/annebarth.de\/projects\/wp-content\/uploads\/2020\/04\/DSC1838.jpg","type":"image\/jpeg"}],"author":"Anne Barth","twitter_card":"summary_large_image","twitter_misc":{"Verfasst von":"Anne Barth","Gesch\u00e4tzte Lesezeit":"5\u00a0Minuten"},"schema":{"@context":"https:\/\/schema.org","@graph":[{"@type":"WebPage","@id":"https:\/\/annebarth.de\/projects\/knistern-in-der-luft\/","url":"https:\/\/annebarth.de\/projects\/knistern-in-der-luft\/","name":"Knistern in der Luft - BLOG","isPartOf":{"@id":"https:\/\/annebarth.de\/projects\/#website"},"primaryImageOfPage":{"@id":"https:\/\/annebarth.de\/projects\/knistern-in-der-luft\/#primaryimage"},"image":{"@id":"https:\/\/annebarth.de\/projects\/knistern-in-der-luft\/#primaryimage"},"thumbnailUrl":"https:\/\/annebarth.de\/projects\/wp-content\/uploads\/2020\/04\/DSC1838.jpg","datePublished":"2020-04-05T11:34:21+00:00","dateModified":"2020-10-20T15:07:06+00:00","author":{"@id":"https:\/\/annebarth.de\/projects\/#\/schema\/person\/4a08e50a7d218427ed60ce9198983ba7"},"breadcrumb":{"@id":"https:\/\/annebarth.de\/projects\/knistern-in-der-luft\/#breadcrumb"},"inLanguage":"de","potentialAction":[{"@type":"ReadAction","target":["https:\/\/annebarth.de\/projects\/knistern-in-der-luft\/"]}]},{"@type":"ImageObject","inLanguage":"de","@id":"https:\/\/annebarth.de\/projects\/knistern-in-der-luft\/#primaryimage","url":"https:\/\/annebarth.de\/projects\/wp-content\/uploads\/2020\/04\/DSC1838.jpg","contentUrl":"https:\/\/annebarth.de\/projects\/wp-content\/uploads\/2020\/04\/DSC1838.jpg","width":2048,"height":1365},{"@type":"BreadcrumbList","@id":"https:\/\/annebarth.de\/projects\/knistern-in-der-luft\/#breadcrumb","itemListElement":[{"@type":"ListItem","position":1,"name":"Startseite","item":"https:\/\/annebarth.de\/projects\/"},{"@type":"ListItem","position":2,"name":"Knistern in der Luft"}]},{"@type":"WebSite","@id":"https:\/\/annebarth.de\/projects\/#website","url":"https:\/\/annebarth.de\/projects\/","name":"BLOG","description":"ANNE BARTH PHOTOGRAPHY","potentialAction":[{"@type":"SearchAction","target":{"@type":"EntryPoint","urlTemplate":"https:\/\/annebarth.de\/projects\/?s={search_term_string}"},"query-input":{"@type":"PropertyValueSpecification","valueRequired":true,"valueName":"search_term_string"}}],"inLanguage":"de"},{"@type":"Person","@id":"https:\/\/annebarth.de\/projects\/#\/schema\/person\/4a08e50a7d218427ed60ce9198983ba7","name":"Anne Barth","image":{"@type":"ImageObject","inLanguage":"de","@id":"https:\/\/annebarth.de\/projects\/#\/schema\/person\/image\/","url":"https:\/\/secure.gravatar.com\/avatar\/bb3547db53ae92f8d10f959af6d3f06a1f1acc19fd5db76001a4e8f86543c9fb?s=96&d=mm&r=g","contentUrl":"https:\/\/secure.gravatar.com\/avatar\/bb3547db53ae92f8d10f959af6d3f06a1f1acc19fd5db76001a4e8f86543c9fb?s=96&d=mm&r=g","caption":"Anne Barth"},"url":"https:\/\/annebarth.de\/projects\/author\/annebarth\/"}]}},"jetpack_featured_media_url":"https:\/\/annebarth.de\/projects\/wp-content\/uploads\/2020\/04\/DSC1838.jpg","jetpack_sharing_enabled":true,"_links":{"self":[{"href":"https:\/\/annebarth.de\/projects\/wp-json\/wp\/v2\/posts\/3610","targetHints":{"allow":["GET"]}}],"collection":[{"href":"https:\/\/annebarth.de\/projects\/wp-json\/wp\/v2\/posts"}],"about":[{"href":"https:\/\/annebarth.de\/projects\/wp-json\/wp\/v2\/types\/post"}],"author":[{"embeddable":true,"href":"https:\/\/annebarth.de\/projects\/wp-json\/wp\/v2\/users\/1"}],"replies":[{"embeddable":true,"href":"https:\/\/annebarth.de\/projects\/wp-json\/wp\/v2\/comments?post=3610"}],"version-history":[{"count":6,"href":"https:\/\/annebarth.de\/projects\/wp-json\/wp\/v2\/posts\/3610\/revisions"}],"predecessor-version":[{"id":3786,"href":"https:\/\/annebarth.de\/projects\/wp-json\/wp\/v2\/posts\/3610\/revisions\/3786"}],"wp:featuredmedia":[{"embeddable":true,"href":"https:\/\/annebarth.de\/projects\/wp-json\/wp\/v2\/media\/3611"}],"wp:attachment":[{"href":"https:\/\/annebarth.de\/projects\/wp-json\/wp\/v2\/media?parent=3610"}],"wp:term":[{"taxonomy":"category","embeddable":true,"href":"https:\/\/annebarth.de\/projects\/wp-json\/wp\/v2\/categories?post=3610"},{"taxonomy":"post_tag","embeddable":true,"href":"https:\/\/annebarth.de\/projects\/wp-json\/wp\/v2\/tags?post=3610"}],"curies":[{"name":"wp","href":"https:\/\/api.w.org\/{rel}","templated":true}]}}